{"id":349,"date":"2020-08-24T17:50:09","date_gmt":"2020-08-24T17:50:09","guid":{"rendered":"https:\/\/%20%20https:\/\/laescuelaloprimero.cotec.es\/lelp1\/?p=349"},"modified":"2022-11-02T15:12:49","modified_gmt":"2022-11-02T15:12:49","slug":"guia","status":"publish","type":"post","link":"https:\/\/laescuelaloprimero.cotec.es\/lelp1\/guia\/","title":{"rendered":"GU\u00cdA"},"content":{"rendered":"<p>[vc_row gap=\u00bb10&#8243; content_placement=\u00bbbottom\u00bb bg_type=\u00bbbg_color\u00bb css=\u00bb.vc_custom_1598948934188{margin-top: -50px !important;margin-left: 2px !important;padding-top: 15px !important;}\u00bb bg_color_value=\u00bb#c2f4ff\u00bb][vc_column width=\u00bb3\/4&#8243;][vc_column_text]<\/p>\n<h3><span style=\"font-family: champion-htf; color: #000000;\"><span style=\"font-size: 100px;\">GU\u00cdA<\/span><\/span><\/h3>\n<p>[\/vc_column_text][\/vc_column][vc_column width=\u00bb1\/4&#8243;][vc_column_text]<\/p>\n<h4 style=\"text-align: center;\"><span style=\"font-family: champion-htf-middle;\"><a href=\" https:\/\/laescuelaloprimero.cotec.es\/lelp1\/retos\/\"><span style=\"font-size: 46px; color: #000000;\">VOLVER<\/span><\/a><\/span><\/h4>\n<p>[\/vc_column_text][\/vc_column][\/vc_row][vc_row][vc_column][vc_empty_space][\/vc_column][\/vc_row][vc_row gap=\u00bb15&#8243; equal_height=\u00bbyes\u00bb el_class=\u00bbphone-reverse-col\u00bb][vc_column width=\u00bb1\/4&#8243;][vc_single_image image=\u00bb751&#8243; img_size=\u00bbfull\u00bb alignment=\u00bbcenter\u00bb][vc_column_text]<mark>DESCARGA\u00a0<\/mark>[\/vc_column_text]<div class=\"ult-spacer spacer-69f5bc3ad5393\" data-id=\"69f5bc3ad5393\" data-height=\"45\" data-height-mobile=\"5\" data-height-tab=\"20\" data-height-tab-portrait=\"5\" data-height-mobile-landscape=\"5\" style=\"clear:both;display:block;\"><\/div><div class=\" vc_custom_1667401967339 ubtn-ctn-left \"><a class=\"ubtn-link ult-adjust-bottom-margin ubtn-left ubtn-custom \" href=\"https:\/\/laescuelaloprimero.cotec.es\/lelp1\/wp-content\/uploads\/2020\/08\/07_Entregable_-Para-Entendernos-1.pdf\" target=\"_blank\" rel=\"noopener\" ><button type=\"button\" id=\"ubtn-9772\"  class=\"ubtn ult-adjust-bottom-margin ult-responsive ubtn-custom ubtn-no-hover-bg  none  ubtn-left   tooltip-69f5bc3ad53d0\"  data-hover=\"\" data-border-color=\"\" data-bg=\"#ffffff\" data-hover-bg=\"#c2f4ff\" data-border-hover=\"\" data-shadow-hover=\"\" data-shadow-click=\"none\" data-shadow=\"\" data-shd-shadow=\"\"  data-ultimate-target='#ubtn-9772'  data-responsive-json-new='{\"font-size\":\"desktop:23px;\",\"line-height\":\"desktop:23px;\"}'  style=\"font-weight:bold;width:267px;min-height:px;padding:5px 12px;border:none;background: #ffffff;color: #000000;\"><span class=\"ubtn-hover\" style=\"background-color:#c2f4ff\"><\/span><span class=\"ubtn-data ubtn-text \" >Entregable<\/span><\/button><\/a><\/div>[vc_row_inner][vc_column_inner offset=\u00bbvc_hidden-lg vc_hidden-md vc_hidden-sm vc_hidden-xs\u00bb]<div class=\" vc_custom_1598291532058 ubtn-ctn-left \"><a class=\"ubtn-link ult-adjust-bottom-margin ubtn-left ubtn-custom \" href=\"https:\/\/laescuelaloprimero.es\/wp-content\/uploads\/2020\/08\/01_Reflexion_Edubuntu.pdf\" target=\"_blank\" rel=\"noopener\" ><button type=\"button\" id=\"ubtn-8848\"  class=\"ubtn ult-adjust-bottom-margin ult-responsive ubtn-custom ubtn-no-hover-bg  none  ubtn-left   tooltip-69f5bc3ad5464\"  data-hover=\"\" data-border-color=\"\" data-bg=\"#ffffff\" data-hover-bg=\"#c2f4ff\" data-border-hover=\"\" data-shadow-hover=\"\" data-shadow-click=\"none\" data-shadow=\"\" data-shd-shadow=\"\"  data-ultimate-target='#ubtn-8848'  data-responsive-json-new='{\"font-size\":\"desktop:23px;\",\"line-height\":\"desktop:23px;\"}'  style=\"font-weight:bold;width:268px;min-height:px;padding:5px 12px;border:none;background: #ffffff;color: #000000;\"><span class=\"ubtn-hover\" style=\"background-color:#c2f4ff\"><\/span><span class=\"ubtn-data ubtn-text \" >Plantilla Reflexi\u00f3n<\/span><\/button><\/a><\/div><div class=\" vc_custom_1598291522145 ubtn-ctn-left \"><a class=\"ubtn-link ult-adjust-bottom-margin ubtn-left ubtn-custom \" href=\"https:\/\/laescuelaloprimero.es\/wp-content\/uploads\/2020\/08\/01_Diana_Edubuntu.pdf\" target=\"_blank\" rel=\"noopener\" ><button type=\"button\" id=\"ubtn-4822\"  class=\"ubtn ult-adjust-bottom-margin ult-responsive ubtn-custom ubtn-no-hover-bg  none  ubtn-left   tooltip-69f5bc3ad54d4\"  data-hover=\"\" data-border-color=\"\" data-bg=\"#ffffff\" data-hover-bg=\"#c2f4ff\" data-border-hover=\"\" data-shadow-hover=\"\" data-shadow-click=\"none\" data-shadow=\"\" data-shd-shadow=\"\"  data-ultimate-target='#ubtn-4822'  data-responsive-json-new='{\"font-size\":\"desktop:23px;\",\"line-height\":\"desktop:23px;\"}'  style=\"font-weight:bold;width:268px;min-height:px;padding:5px 12px;border:none;background: #ffffff;color: #000000;\"><span class=\"ubtn-hover\" style=\"background-color:#c2f4ff\"><\/span><span class=\"ubtn-data ubtn-text \" >Diana Autoevaluaci\u00f3n<\/span><\/button><\/a><\/div><div class=\" vc_custom_1598291513966 ubtn-ctn-left \"><a class=\"ubtn-link ult-adjust-bottom-margin ubtn-left ubtn-custom \" href=\"https:\/\/laescuelaloprimero.es\/wp-content\/uploads\/2020\/08\/01_Tarjetas_Edubuntu.pdf\" target=\"_blank\" rel=\"noopener\" ><button type=\"button\" id=\"ubtn-1864\"  class=\"ubtn ult-adjust-bottom-margin ult-responsive ubtn-custom ubtn-no-hover-bg  none  ubtn-left   tooltip-69f5bc3ad5530\"  data-hover=\"\" data-border-color=\"\" data-bg=\"#ffffff\" data-hover-bg=\"#c2f4ff\" data-border-hover=\"\" data-shadow-hover=\"\" data-shadow-click=\"none\" data-shadow=\"\" data-shd-shadow=\"\"  data-ultimate-target='#ubtn-1864'  data-responsive-json-new='{\"font-size\":\"desktop:23px;\",\"line-height\":\"desktop:23px;\"}'  style=\"font-weight:bold;width:268px;min-height:px;padding:5px 12px;border:none;background: #ffffff;color: #000000;\"><span class=\"ubtn-hover\" style=\"background-color:#c2f4ff\"><\/span><span class=\"ubtn-data ubtn-text \" >Tarjetas<\/span><\/button><\/a><\/div><div class=\" vc_custom_1598291505505 ubtn-ctn-left \"><button type=\"button\" id=\"ubtn-5908\"  class=\"ubtn ult-adjust-bottom-margin ult-responsive ubtn-custom ubtn-no-hover-bg  none  ubtn-left   tooltip-69f5bc3ad5596\"  data-hover=\"\" data-border-color=\"\" data-bg=\"#ffffff\" data-hover-bg=\"#c2f4ff\" data-border-hover=\"\" data-shadow-hover=\"\" data-shadow-click=\"none\" data-shadow=\"\" data-shd-shadow=\"\"  data-ultimate-target='#ubtn-5908'  data-responsive-json-new='{\"font-size\":\"desktop:23px;\",\"line-height\":\"desktop:23px;\"}'  style=\"font-weight:bold;width:267px;min-height:px;padding:5px 12px;border:none;background: #ffffff;color: #000000;\"><span class=\"ubtn-hover\" style=\"background-color:#c2f4ff\"><\/span><span class=\"ubtn-data ubtn-text \" >Fichas<\/span><\/button><\/div><div class=\" vc_custom_1598291498504 ubtn-ctn-left \"><a class=\"ubtn-link ult-adjust-bottom-margin ubtn-left ubtn-custom \" href=\"https:\/\/laescuelaloprimero.es\/wp-content\/uploads\/2020\/08\/01_Tablero__Edubuntu.pdf\" target=\"_blank\" rel=\"noopener\" ><button type=\"button\" id=\"ubtn-4255\"  class=\"ubtn ult-adjust-bottom-margin ult-responsive ubtn-custom ubtn-no-hover-bg  none  ubtn-left   tooltip-69f5bc3ad55e3\"  data-hover=\"\" data-border-color=\"\" data-bg=\"#ffffff\" data-hover-bg=\"#c2f4ff\" data-border-hover=\"\" data-shadow-hover=\"\" data-shadow-click=\"none\" data-shadow=\"\" data-shd-shadow=\"\"  data-ultimate-target='#ubtn-4255'  data-responsive-json-new='{\"font-size\":\"desktop:23px;\",\"line-height\":\"desktop:23px;\"}'  style=\"font-weight:bold;width:267px;min-height:px;padding:5px 12px;border:none;background: #ffffff;color: #000000;\"><span class=\"ubtn-hover\" style=\"background-color:#c2f4ff\"><\/span><span class=\"ubtn-data ubtn-text \" >Tablero<\/span><\/button><\/a><\/div>[\/vc_column_inner][\/vc_row_inner][\/vc_column][vc_column width=\u00bb3\/4&#8243; css=\u00bb.vc_custom_1597838364619{padding-top: 10px !important;padding-right: 10px !important;padding-left: 15px !important;background-color: #ffffff !important;background-position: center !important;background-repeat: no-repeat !important;background-size: cover !important;}\u00bb][vc_column_text css=\u00bb.vc_custom_1598291462754{padding-right: 10px !important;padding-left: 10px !important;}\u00bb]<\/p>\n<h3><span style=\"font-family: champion-htf; font-size: 24pt; color: #000000;\"><span style=\"font-family: champion-htf-middle;\">RETO #7<\/span><br \/>\n<\/span><\/h3>\n<p>&nbsp;<\/p>\n<p><strong>Gu\u00eda<\/strong> que ayuda a entender y atender las necesidades educativas especiales en la escuela post-Covid, y que hace del acompa\u00f1amiento emocional el eje transversal de la inclusi\u00f3n educativa. Se acompa\u00f1a de un <strong>cuestionario<\/strong> que permite a los centros identificar d\u00f3nde se encuentran en el camino a la plena inclusi\u00f3n y tomar las medidas adecuadas para conseguirla.[\/vc_column_text][vc_row_inner][vc_column_inner width=\u00bb1\/2&#8243; css=\u00bb.vc_custom_1597828794594{padding-left: 24px !important;}\u00bb]<div class=\"aio-icon-component    style_1\"><div id=\"Info-box-wrap-8097\" class=\"aio-icon-box default-icon\" style=\"\"  ><div class=\"aio-icon-default\"><div class=\"ult-just-icon-wrapper  \"><div class=\"align-icon\" style=\"text-align:center;\">\n<div class=\"aio-icon circle \"  style=\"color:#000000;background:#000000;font-size:15px;display:inline-block;\">\n\t<i class=\"icomoon-the7-font-twitter\"><\/i>\n<\/div><\/div><\/div><\/div><div class=\"aio-icon-header\" ><p class=\"aio-icon-title ult-responsive\"  data-ultimate-target='#Info-box-wrap-8097 .aio-icon-title'  data-responsive-json-new='{\"font-size\":\"desktop:22px;\",\"line-height\":\"desktop:22px;\"}'  style=\"font-weight:bold;color:#000000;\">Haybad Rosa L\u00f3pez<\/p><\/div> <!-- header --><div class=\"aio-icon-description ult-responsive\"  data-ultimate-target='#Info-box-wrap-8097 .aio-icon-description'  data-responsive-json-new='{\"font-size\":\"desktop:19px;\",\"line-height\":\"desktop:19px;\"}'  style=\"\">Maestra y orientadora (Canarias)<\/div> <!-- description --><\/div> <!-- aio-icon-box --><\/div> <!-- aio-icon-component --><div class=\"aio-icon-component    style_1\"><div id=\"Info-box-wrap-9955\" class=\"aio-icon-box default-icon\" style=\"\"  ><div class=\"aio-icon-default\"><div class=\"ult-just-icon-wrapper  \"><div class=\"align-icon\" style=\"text-align:center;\">\n<div class=\"aio-icon circle \"  style=\"color:#000000;background:#000000;font-size:15px;display:inline-block;\">\n\t<i class=\"icomoon-the7-font-twitter\"><\/i>\n<\/div><\/div><\/div><\/div><div class=\"aio-icon-header\" ><p class=\"aio-icon-title ult-responsive\"  data-ultimate-target='#Info-box-wrap-9955 .aio-icon-title'  data-responsive-json-new='{\"font-size\":\"desktop:22px;\",\"line-height\":\"desktop:22px;\"}'  style=\"font-weight:bold;\">Mar\u00eda Adela Camacho<\/p><\/div> <!-- header --><div class=\"aio-icon-description ult-responsive\"  data-ultimate-target='#Info-box-wrap-9955 .aio-icon-description'  data-responsive-json-new='{\"font-size\":\"desktop:19px;\",\"line-height\":\"desktop:19px;\"}'  style=\"\">Profesora de Educaci\u00f3n Secundaria y directora de IES(M\u00e1laga)<\/div> <!-- description --><\/div> <!-- aio-icon-box --><\/div> <!-- aio-icon-component -->[\/vc_column_inner][vc_column_inner width=\u00bb1\/2&#8243; css=\u00bb.vc_custom_1597828813305{padding-left: 24px !important;}\u00bb]<div class=\"aio-icon-component    style_1\"><div id=\"Info-box-wrap-7838\" class=\"aio-icon-box default-icon\" style=\"\"  ><div class=\"aio-icon-default\"><div class=\"ult-just-icon-wrapper  \"><div class=\"align-icon\" style=\"text-align:center;\">\n<div class=\"aio-icon circle \"  style=\"color:#000000;background:#000000;font-size:15px;display:inline-block;\">\n\t<i class=\"icomoon-the7-font-twitter\"><\/i>\n<\/div><\/div><\/div><\/div><div class=\"aio-icon-header\" ><p class=\"aio-icon-title ult-responsive\"  data-ultimate-target='#Info-box-wrap-7838 .aio-icon-title'  data-responsive-json-new='{\"font-size\":\"desktop:22px;\",\"line-height\":\"desktop:22px;\"}'  style=\"font-weight:bold;\">Jos\u00e9 Blas Garc\u00eda<\/p><\/div> <!-- header --><div class=\"aio-icon-description ult-responsive\"  data-ultimate-target='#Info-box-wrap-7838 .aio-icon-description'  data-responsive-json-new='{\"font-size\":\"desktop:19px;\",\"line-height\":\"desktop:19px;\"}'  style=\"\">Maestro y psicopedagogo (Murcia)<\/div> <!-- description --><\/div> <!-- aio-icon-box --><\/div> <!-- aio-icon-component --><div class=\"aio-icon-component    style_1\"><div id=\"Info-box-wrap-9914\" class=\"aio-icon-box default-icon\" style=\"\"  ><div class=\"aio-icon-default\"><div class=\"ult-just-icon-wrapper  \"><div class=\"align-icon\" style=\"text-align:center;\">\n<div class=\"aio-icon circle \"  style=\"color:#000000;background:#000000;font-size:15px;display:inline-block;\">\n\t<i class=\"icomoon-the7-font-twitter\"><\/i>\n<\/div><\/div><\/div><\/div><div class=\"aio-icon-header\" ><p class=\"aio-icon-title ult-responsive\"  data-ultimate-target='#Info-box-wrap-9914 .aio-icon-title'  data-responsive-json-new='{\"font-size\":\"desktop:22px;\",\"line-height\":\"desktop:22px;\"}'  style=\"font-weight:bold;\">Manuel Jes\u00fas Fern\u00e1ndez<\/p><\/div> <!-- header --><div class=\"aio-icon-description ult-responsive\"  data-ultimate-target='#Info-box-wrap-9914 .aio-icon-description'  data-responsive-json-new='{\"font-size\":\"desktop:19px;\",\"line-height\":\"desktop:19px;\"}'  style=\"\">Profesor de Educaci\u00f3n Secundaria (Ja\u00e9n)<\/div> <!-- description --><\/div> <!-- aio-icon-box --><\/div> <!-- aio-icon-component -->[\/vc_column_inner][\/vc_row_inner][vc_column_text]<strong><span style=\"font-size: 22px;\">Mentora: Henar Rodr\u00edguez<\/span><\/strong>[\/vc_column_text][\/vc_column][\/vc_row]<\/p>\n","protected":false},"excerpt":{"rendered":"<p><strong>Gu\u00eda<\/strong> que ayuda a entender y atender las necesidades educativas especiales en la escuela post-Covid<\/p>\n","protected":false},"author":1,"featured_media":751,"comment_status":"closed","ping_status":"open","sticky":false,"template":"","format":"standard","meta":[],"categories":[4],"tags":[15],"yoast_head":"<!-- This site is optimized with the Yoast SEO plugin v19.6.1 - https:\/\/yoast.com\/wordpress\/plugins\/seo\/ -->\n<title>GU\u00cdA - Cotec<\/title>\n<meta name=\"robots\" content=\"index, follow, max-snippet:-1, max-image-preview:large, max-video-preview:-1\" \/>\n<link rel=\"canonical\" href=\"https:\/\/laescuelaloprimero.cotec.es\/lelp1\/guia\/\" \/>\n<meta property=\"og:locale\" content=\"es_ES\" \/>\n<meta property=\"og:type\" content=\"article\" \/>\n<meta property=\"og:title\" content=\"GU\u00cdA - Cotec\" \/>\n<meta property=\"og:description\" content=\"Gu\u00eda que ayuda a entender y atender las necesidades educativas especiales en la escuela post-Covid\" \/>\n<meta property=\"og:url\" content=\"https:\/\/laescuelaloprimero.cotec.es\/lelp1\/guia\/\" \/>\n<meta property=\"og:site_name\" content=\"Cotec\" \/>\n<meta property=\"article:published_time\" content=\"2020-08-24T17:50:09+00:00\" \/>\n<meta property=\"article:modified_time\" content=\"2022-11-02T15:12:49+00:00\" \/>\n<meta property=\"og:image\" content=\"https:\/\/laescuelaloprimero.cotec.es\/lelp1\/wp-content\/uploads\/2020\/09\/proyecto_07.png\" \/>\n\t<meta property=\"og:image:width\" content=\"260\" \/>\n\t<meta property=\"og:image:height\" content=\"257\" \/>\n\t<meta property=\"og:image:type\" content=\"image\/png\" \/>\n<meta name=\"author\" content=\"Chombi\" \/>\n<meta name=\"twitter:card\" content=\"summary_large_image\" \/>\n<meta name=\"twitter:label1\" content=\"Escrito por\" \/>\n\t<meta name=\"twitter:data1\" content=\"Chombi\" \/>\n\t<meta name=\"twitter:label2\" content=\"Tiempo de lectura\" \/>\n\t<meta name=\"twitter:data2\" content=\"2 minutos\" \/>\n<script type=\"application\/ld+json\" class=\"yoast-schema-graph\">{\"@context\":\"https:\/\/schema.org\",\"@graph\":[{\"@type\":\"WebPage\",\"@id\":\"https:\/\/laescuelaloprimero.cotec.es\/lelp1\/guia\/\",\"url\":\"https:\/\/laescuelaloprimero.cotec.es\/lelp1\/guia\/\",\"name\":\"GU\u00cdA - Cotec\",\"isPartOf\":{\"@id\":\"https:\/\/laescuelaloprimero.cotec.es\/lelp1\/#website\"},\"datePublished\":\"2020-08-24T17:50:09+00:00\",\"dateModified\":\"2022-11-02T15:12:49+00:00\",\"author\":{\"@id\":\"https:\/\/laescuelaloprimero.cotec.es\/lelp1\/#\/schema\/person\/57562cd1ab0214c7f86985381147abcc\"},\"breadcrumb\":{\"@id\":\"https:\/\/laescuelaloprimero.cotec.es\/lelp1\/guia\/#breadcrumb\"},\"inLanguage\":\"es\",\"potentialAction\":[{\"@type\":\"ReadAction\",\"target\":[\"https:\/\/laescuelaloprimero.cotec.es\/lelp1\/guia\/\"]}]},{\"@type\":\"BreadcrumbList\",\"@id\":\"https:\/\/laescuelaloprimero.cotec.es\/lelp1\/guia\/#breadcrumb\",\"itemListElement\":[{\"@type\":\"ListItem\",\"position\":1,\"name\":\"Portada\",\"item\":\"https:\/\/laescuelaloprimero.cotec.es\/lelp1\/\"},{\"@type\":\"ListItem\",\"position\":2,\"name\":\"GU\u00cdA\"}]},{\"@type\":\"WebSite\",\"@id\":\"https:\/\/laescuelaloprimero.cotec.es\/lelp1\/#website\",\"url\":\"https:\/\/laescuelaloprimero.cotec.es\/lelp1\/\",\"name\":\"Cotec\",\"description\":\"\",\"potentialAction\":[{\"@type\":\"SearchAction\",\"target\":{\"@type\":\"EntryPoint\",\"urlTemplate\":\"https:\/\/laescuelaloprimero.cotec.es\/lelp1\/?s={search_term_string}\"},\"query-input\":\"required name=search_term_string\"}],\"inLanguage\":\"es\"},{\"@type\":\"Person\",\"@id\":\"https:\/\/laescuelaloprimero.cotec.es\/lelp1\/#\/schema\/person\/57562cd1ab0214c7f86985381147abcc\",\"name\":\"Chombi\",\"image\":{\"@type\":\"ImageObject\",\"inLanguage\":\"es\",\"@id\":\"https:\/\/laescuelaloprimero.cotec.es\/lelp1\/#\/schema\/person\/image\/\",\"url\":\"https:\/\/secure.gravatar.com\/avatar\/0d6418ef511ab2cb8f5e8b3320ec08eb?s=96&d=mm&r=g\",\"contentUrl\":\"https:\/\/secure.gravatar.com\/avatar\/0d6418ef511ab2cb8f5e8b3320ec08eb?s=96&d=mm&r=g\",\"caption\":\"Chombi\"},\"url\":\"https:\/\/laescuelaloprimero.cotec.es\/lelp1\/author\/chombi\/\"}]}<\/script>\n<!-- \/ Yoast SEO plugin. -->","yoast_head_json":{"title":"GU\u00cdA - Cotec","robots":{"index":"index","follow":"follow","max-snippet":"max-snippet:-1","max-image-preview":"max-image-preview:large","max-video-preview":"max-video-preview:-1"},"canonical":"https:\/\/laescuelaloprimero.cotec.es\/lelp1\/guia\/","og_locale":"es_ES","og_type":"article","og_title":"GU\u00cdA - Cotec","og_description":"Gu\u00eda que ayuda a entender y atender las necesidades educativas especiales en la escuela post-Covid","og_url":"https:\/\/laescuelaloprimero.cotec.es\/lelp1\/guia\/","og_site_name":"Cotec","article_published_time":"2020-08-24T17:50:09+00:00","article_modified_time":"2022-11-02T15:12:49+00:00","og_image":[{"width":260,"height":257,"url":"https:\/\/laescuelaloprimero.cotec.es\/lelp1\/wp-content\/uploads\/2020\/09\/proyecto_07.png","type":"image\/png"}],"author":"Chombi","twitter_card":"summary_large_image","twitter_misc":{"Escrito por":"Chombi","Tiempo de lectura":"2 minutos"},"schema":{"@context":"https:\/\/schema.org","@graph":[{"@type":"WebPage","@id":"https:\/\/laescuelaloprimero.cotec.es\/lelp1\/guia\/","url":"https:\/\/laescuelaloprimero.cotec.es\/lelp1\/guia\/","name":"GU\u00cdA - Cotec","isPartOf":{"@id":"https:\/\/laescuelaloprimero.cotec.es\/lelp1\/#website"},"datePublished":"2020-08-24T17:50:09+00:00","dateModified":"2022-11-02T15:12:49+00:00","author":{"@id":"https:\/\/laescuelaloprimero.cotec.es\/lelp1\/#\/schema\/person\/57562cd1ab0214c7f86985381147abcc"},"breadcrumb":{"@id":"https:\/\/laescuelaloprimero.cotec.es\/lelp1\/guia\/#breadcrumb"},"inLanguage":"es","potentialAction":[{"@type":"ReadAction","target":["https:\/\/laescuelaloprimero.cotec.es\/lelp1\/guia\/"]}]},{"@type":"BreadcrumbList","@id":"https:\/\/laescuelaloprimero.cotec.es\/lelp1\/guia\/#breadcrumb","itemListElement":[{"@type":"ListItem","position":1,"name":"Portada","item":"https:\/\/laescuelaloprimero.cotec.es\/lelp1\/"},{"@type":"ListItem","position":2,"name":"GU\u00cdA"}]},{"@type":"WebSite","@id":"https:\/\/laescuelaloprimero.cotec.es\/lelp1\/#website","url":"https:\/\/laescuelaloprimero.cotec.es\/lelp1\/","name":"Cotec","description":"","potentialAction":[{"@type":"SearchAction","target":{"@type":"EntryPoint","urlTemplate":"https:\/\/laescuelaloprimero.cotec.es\/lelp1\/?s={search_term_string}"},"query-input":"required name=search_term_string"}],"inLanguage":"es"},{"@type":"Person","@id":"https:\/\/laescuelaloprimero.cotec.es\/lelp1\/#\/schema\/person\/57562cd1ab0214c7f86985381147abcc","name":"Chombi","image":{"@type":"ImageObject","inLanguage":"es","@id":"https:\/\/laescuelaloprimero.cotec.es\/lelp1\/#\/schema\/person\/image\/","url":"https:\/\/secure.gravatar.com\/avatar\/0d6418ef511ab2cb8f5e8b3320ec08eb?s=96&d=mm&r=g","contentUrl":"https:\/\/secure.gravatar.com\/avatar\/0d6418ef511ab2cb8f5e8b3320ec08eb?s=96&d=mm&r=g","caption":"Chombi"},"url":"https:\/\/laescuelaloprimero.cotec.es\/lelp1\/author\/chombi\/"}]}},"_links":{"self":[{"href":"https:\/\/laescuelaloprimero.cotec.es\/lelp1\/wp-json\/wp\/v2\/posts\/349"}],"collection":[{"href":"https:\/\/laescuelaloprimero.cotec.es\/lelp1\/wp-json\/wp\/v2\/posts"}],"about":[{"href":"https:\/\/laescuelaloprimero.cotec.es\/lelp1\/wp-json\/wp\/v2\/types\/post"}],"author":[{"embeddable":true,"href":"https:\/\/laescuelaloprimero.cotec.es\/lelp1\/wp-json\/wp\/v2\/users\/1"}],"replies":[{"embeddable":true,"href":"https:\/\/laescuelaloprimero.cotec.es\/lelp1\/wp-json\/wp\/v2\/comments?post=349"}],"version-history":[{"count":16,"href":"https:\/\/laescuelaloprimero.cotec.es\/lelp1\/wp-json\/wp\/v2\/posts\/349\/revisions"}],"predecessor-version":[{"id":1535,"href":"https:\/\/laescuelaloprimero.cotec.es\/lelp1\/wp-json\/wp\/v2\/posts\/349\/revisions\/1535"}],"wp:featuredmedia":[{"embeddable":true,"href":"https:\/\/laescuelaloprimero.cotec.es\/lelp1\/wp-json\/wp\/v2\/media\/751"}],"wp:attachment":[{"href":"https:\/\/laescuelaloprimero.cotec.es\/lelp1\/wp-json\/wp\/v2\/media?parent=349"}],"wp:term":[{"taxonomy":"category","embeddable":true,"href":"https:\/\/laescuelaloprimero.cotec.es\/lelp1\/wp-json\/wp\/v2\/categories?post=349"},{"taxonomy":"post_tag","embeddable":true,"href":"https:\/\/laescuelaloprimero.cotec.es\/lelp1\/wp-json\/wp\/v2\/tags?post=349"}],"curies":[{"name":"wp","href":"https:\/\/api.w.org\/{rel}","templated":true}]}}