{"id":883,"date":"2020-12-15T11:24:36","date_gmt":"2020-12-15T11:24:36","guid":{"rendered":"https:\/\/laescuelaloprimero.cotec.es\/lelp1\/?p=883"},"modified":"2022-11-02T12:19:39","modified_gmt":"2022-11-02T12:19:39","slug":"como-ayudar-a-los-mayores-en-tiempos-de-crisis","status":"publish","type":"post","link":"https:\/\/laescuelaloprimero.cotec.es\/lelp1\/como-ayudar-a-los-mayores-en-tiempos-de-crisis\/","title":{"rendered":"\u00bfC\u00d3MO AYUDAR A LOS MAYORES EN TIEMPOS DE CRISIS?"},"content":{"rendered":"<p>[vc_row gap=\u00bb10&#8243; content_placement=\u00bbbottom\u00bb bg_type=\u00bbbg_color\u00bb css=\u00bb.vc_custom_1598352393236{margin-top: -60px !important;margin-left: 2px !important;padding-top: 15px !important;}\u00bb bg_color_value=\u00bb#aeffd1&#8243;][vc_column width=\u00bb3\/4&#8243;][vc_custom_heading source=\u00bbpost_title\u00bb font_container=\u00bbtag:h2|font_size:85|text_align:left|color:%23000000|line_height:1.2&#8243; google_fonts=\u00bbfont_family:champion-htf-middle%3Aregular|font_style:400%20regular%3A400%3Anormal\u00bb][\/vc_column][vc_column width=\u00bb1\/4&#8243;][vc_column_text]<\/p>\n<h4 style=\"text-align: center;\"><span style=\"font-family: champion-htf-middle;\"><a href=\" https:\/\/laescuelaloprimero.cotec.es\/lelp1\/retos\/\"><span style=\"font-size: 46px; color: #000000;\">VOLVER<\/span><\/a><\/span><\/h4>\n<p>[\/vc_column_text][\/vc_column][\/vc_row][vc_row][vc_column][vc_empty_space][\/vc_column][\/vc_row][vc_row gap=\u00bb15&#8243; equal_height=\u00bbyes\u00bb el_class=\u00bbphone-reverse-col\u00bb][vc_column width=\u00bb1\/4&#8243;][vc_single_image image=\u00bb884&#8243; img_size=\u00bbfull\u00bb alignment=\u00bbcenter\u00bb]<div class=\"ult-spacer spacer-69ee202d6e92d\" data-id=\"69ee202d6e92d\" data-height=\"45\" data-height-mobile=\"5\" data-height-tab=\"20\" data-height-tab-portrait=\"5\" data-height-mobile-landscape=\"5\" style=\"clear:both;display:block;\"><\/div>[vc_column_text]<mark>DESCARGA<\/mark>[\/vc_column_text]<div class=\" vc_custom_1667391577881 ubtn-ctn-left \"><a class=\"ubtn-link ult-adjust-bottom-margin ubtn-left ubtn-custom \" href=\"https:\/\/laescuelaloprimero.cotec.es\/lelp1\/wp-content\/uploads\/2020\/12\/Reto1_COMUNIDAD-MAYORES_def.pdf\" target=\"_blank\" rel=\"noopener\" ><button type=\"button\" id=\"ubtn-6148\"  class=\"ubtn ult-adjust-bottom-margin ult-responsive ubtn-custom ubtn-no-hover-bg  none  ubtn-left   tooltip-69ee202d6e963\"  data-hover=\"\" data-border-color=\"\" data-bg=\"#ffffff\" data-hover-bg=\"#aeffd1\" data-border-hover=\"\" data-shadow-hover=\"\" data-shadow-click=\"none\" data-shadow=\"\" data-shd-shadow=\"\"  data-ultimate-target='#ubtn-6148'  data-responsive-json-new='{\"font-size\":\"desktop:23px;\",\"line-height\":\"desktop:23px;\"}'  style=\"font-weight:bold;width:267px;min-height:px;padding:5px 12px;border:none;background: #ffffff;color: #000000;\"><span class=\"ubtn-hover\" style=\"background-color:#aeffd1\"><\/span><span class=\"ubtn-data ubtn-text \" >Descarga proyecto<\/span><\/button><\/a><\/div>[vc_row_inner][vc_column_inner offset=\u00bbvc_hidden-lg vc_hidden-md vc_hidden-sm vc_hidden-xs\u00bb][\/vc_column_inner][\/vc_row_inner][\/vc_column][vc_column width=\u00bb3\/4&#8243; css=\u00bb.vc_custom_1597838364619{padding-top: 10px !important;padding-right: 10px !important;padding-left: 15px !important;background-color: #ffffff !important;background-position: center !important;background-repeat: no-repeat !important;background-size: cover !important;}\u00bb]<div class=\"ult-content-box-container \" >\t<a class=\"ult-content-box-anchor\" href=\"https:\/\/laescuelaloprimero.es\/reto-1-como-trabajar-en-comunidad-en-tiempos-de-crisis\/\" >\t\t<div class=\"ult-content-box\" style=\"box-shadow: px px px px none;-webkit-transition: all 700ms ease;-moz-transition: all 700ms ease;-ms-transition: all 700ms ease;-o-transition: all 700ms ease;transition: all 700ms ease;\"  data-hover_box_shadow=\"none\"    >[vc_column_text css=\u00bb.vc_custom_1598352318854{padding-right: 10px !important;padding-left: 10px !important;}\u00bb]<\/p>\n<h3><span style=\"font-family: champion-htf; font-size: 24pt; color: #000000;\"><span style=\"font-family: champion-htf-middle;\">RETO #1<\/span><\/span><\/h3>\n<p>[\/vc_column_text]\t\t<\/div>\t<\/a><\/div>[vc_column_text css=\u00bb.vc_custom_1608031557814{padding-right: 10px !important;padding-left: 10px !important;}\u00bb]En este documento se presenta un dec\u00e1logo que permitir\u00e1 crear proyectos en tu centro educativo para ayudar a los mayores en tiempo de crisis. El colectivo de personas mayores ha sido de los m\u00e1s afectados en la crisis actual, de forma cotidiana, son muchas veces los m\u00e1s olvidados. Con este dec\u00e1logo, los abuelos y abuelas son los protagonistas y el alumnado con su familia, el motor de la solidaridad.[\/vc_column_text][vc_row_inner][vc_column_inner width=\u00bb1\/2&#8243; css=\u00bb.vc_custom_1597828794594{padding-left: 24px !important;}\u00bb]<div class=\"aio-icon-component    style_1\"><div id=\"Info-box-wrap-9267\" class=\"aio-icon-box default-icon\" style=\"\"  ><div class=\"aio-icon-default\"><div class=\"ult-just-icon-wrapper  \"><div class=\"align-icon\" style=\"text-align:center;\">\n<div class=\"aio-icon circle \"  style=\"color:#000000;background:#000000;font-size:15px;display:inline-block;\">\n\t<i class=\"icomoon-the7-font-twitter\"><\/i>\n<\/div><\/div><\/div><\/div><div class=\"aio-icon-header\" ><p class=\"aio-icon-title ult-responsive\"  data-ultimate-target='#Info-box-wrap-9267 .aio-icon-title'  data-responsive-json-new='{\"font-size\":\"desktop:22px;\",\"line-height\":\"desktop:22px;\"}'  style=\"font-weight:bold;color:#000000;\">Noelia Gonz\u00e1lez P\u00e9rez<\/p><\/div> <!-- header --><div class=\"aio-icon-description ult-responsive\"  data-ultimate-target='#Info-box-wrap-9267 .aio-icon-description'  data-responsive-json-new='{\"font-size\":\"desktop:19px;\",\"line-height\":\"desktop:19px;\"}'  style=\"\"><span style=\"color: #000000;\">Profesora de Educaci\u00f3n Infantil, Corvera (Asturias)<\/span><\/div> <!-- description --><\/div> <!-- aio-icon-box --><\/div> <!-- aio-icon-component --><div class=\"aio-icon-component    style_1\"><div id=\"Info-box-wrap-5369\" class=\"aio-icon-box default-icon\" style=\"\"  ><div class=\"aio-icon-default\"><div class=\"ult-just-icon-wrapper  \"><div class=\"align-icon\" style=\"text-align:center;\">\n<div class=\"aio-icon circle \"  style=\"color:#000000;background:#000000;font-size:15px;display:inline-block;\">\n\t<i class=\"icomoon-the7-font-twitter\"><\/i>\n<\/div><\/div><\/div><\/div><div class=\"aio-icon-header\" ><p class=\"aio-icon-title ult-responsive\"  data-ultimate-target='#Info-box-wrap-5369 .aio-icon-title'  data-responsive-json-new='{\"font-size\":\"desktop:22px;\",\"line-height\":\"desktop:22px;\"}'  style=\"font-weight:bold;\">Mamen Ruiz<\/p><\/div> <!-- header --><div class=\"aio-icon-description ult-responsive\"  data-ultimate-target='#Info-box-wrap-5369 .aio-icon-description'  data-responsive-json-new='{\"font-size\":\"desktop:19px;\",\"line-height\":\"desktop:19px;\"}'  style=\"\">Orientaroda, Huelva<\/div> <!-- description --><\/div> <!-- aio-icon-box --><\/div> <!-- aio-icon-component -->[\/vc_column_inner][vc_column_inner width=\u00bb1\/2&#8243; css=\u00bb.vc_custom_1597828813305{padding-left: 24px !important;}\u00bb]<div class=\"aio-icon-component    style_1\"><div id=\"Info-box-wrap-3591\" class=\"aio-icon-box default-icon\" style=\"\"  ><div class=\"aio-icon-default\"><div class=\"ult-just-icon-wrapper  \"><div class=\"align-icon\" style=\"text-align:center;\">\n<div class=\"aio-icon circle \"  style=\"color:#000000;background:#000000;font-size:15px;display:inline-block;\">\n\t<i class=\"icomoon-the7-font-twitter\"><\/i>\n<\/div><\/div><\/div><\/div><div class=\"aio-icon-header\" ><p class=\"aio-icon-title ult-responsive\"  data-ultimate-target='#Info-box-wrap-3591 .aio-icon-title'  data-responsive-json-new='{\"font-size\":\"desktop:22px;\",\"line-height\":\"desktop:22px;\"}'  style=\"font-weight:bold;\">Jos\u00e9 Mar\u00eda Prado Boza<\/p><\/div> <!-- header --><div class=\"aio-icon-description ult-responsive\"  data-ultimate-target='#Info-box-wrap-3591 .aio-icon-description'  data-responsive-json-new='{\"font-size\":\"desktop:19px;\",\"line-height\":\"desktop:19px;\"}'  style=\"\">Profesor en European Internacional School of Barcelona, San Cugat del Vall\u00e8s<\/div> <!-- description --><\/div> <!-- aio-icon-box --><\/div> <!-- aio-icon-component -->[\/vc_column_inner][\/vc_row_inner][vc_column_text]<strong><span style=\"font-size: 22px;\">\u00a0Mentora: Iria Mata Casar<\/span><\/strong>[\/vc_column_text][\/vc_column][\/vc_row]<\/p>\n","protected":false},"excerpt":{"rendered":"<p>En este documento se presenta un dec\u00e1logo que permitir\u00e1 crear proyectos en tu centro educativo para ayudar a los mayores en tiempo de crisis.<\/p>\n","protected":false},"author":1,"featured_media":884,"comment_status":"closed","ping_status":"open","sticky":false,"template":"","format":"standard","meta":[],"categories":[4],"tags":[6],"yoast_head":"<!-- This site is optimized with the Yoast SEO plugin v19.6.1 - https:\/\/yoast.com\/wordpress\/plugins\/seo\/ -->\n<title>\u00bfC\u00d3MO AYUDAR A LOS MAYORES EN TIEMPOS DE CRISIS? - Cotec<\/title>\n<meta name=\"robots\" content=\"index, follow, max-snippet:-1, max-image-preview:large, max-video-preview:-1\" \/>\n<link rel=\"canonical\" href=\"https:\/\/laescuelaloprimero.cotec.es\/lelp1\/como-ayudar-a-los-mayores-en-tiempos-de-crisis\/\" \/>\n<meta property=\"og:locale\" content=\"es_ES\" \/>\n<meta property=\"og:type\" content=\"article\" \/>\n<meta property=\"og:title\" content=\"\u00bfC\u00d3MO AYUDAR A LOS MAYORES EN TIEMPOS DE CRISIS? - Cotec\" \/>\n<meta property=\"og:description\" content=\"En este documento se presenta un dec\u00e1logo que permitir\u00e1 crear proyectos en tu centro educativo para ayudar a los mayores en tiempo de crisis.\" \/>\n<meta property=\"og:url\" content=\"https:\/\/laescuelaloprimero.cotec.es\/lelp1\/como-ayudar-a-los-mayores-en-tiempos-de-crisis\/\" \/>\n<meta property=\"og:site_name\" content=\"Cotec\" \/>\n<meta property=\"article:published_time\" content=\"2020-12-15T11:24:36+00:00\" \/>\n<meta property=\"article:modified_time\" content=\"2022-11-02T12:19:39+00:00\" \/>\n<meta property=\"og:image\" content=\"https:\/\/laescuelaloprimero.cotec.es\/lelp1\/wp-content\/uploads\/2020\/12\/iconos_1.png\" \/>\n\t<meta property=\"og:image:width\" content=\"260\" \/>\n\t<meta property=\"og:image:height\" content=\"257\" \/>\n\t<meta property=\"og:image:type\" content=\"image\/png\" \/>\n<meta name=\"author\" content=\"Chombi\" \/>\n<meta name=\"twitter:card\" content=\"summary_large_image\" \/>\n<meta name=\"twitter:label1\" content=\"Escrito por\" \/>\n\t<meta name=\"twitter:data1\" content=\"Chombi\" \/>\n\t<meta name=\"twitter:label2\" content=\"Tiempo de lectura\" \/>\n\t<meta name=\"twitter:data2\" content=\"2 minutos\" \/>\n<script type=\"application\/ld+json\" class=\"yoast-schema-graph\">{\"@context\":\"https:\/\/schema.org\",\"@graph\":[{\"@type\":\"WebPage\",\"@id\":\"https:\/\/laescuelaloprimero.cotec.es\/lelp1\/como-ayudar-a-los-mayores-en-tiempos-de-crisis\/\",\"url\":\"https:\/\/laescuelaloprimero.cotec.es\/lelp1\/como-ayudar-a-los-mayores-en-tiempos-de-crisis\/\",\"name\":\"\u00bfC\u00d3MO AYUDAR A LOS MAYORES EN TIEMPOS DE CRISIS? - Cotec\",\"isPartOf\":{\"@id\":\"https:\/\/laescuelaloprimero.cotec.es\/lelp1\/#website\"},\"datePublished\":\"2020-12-15T11:24:36+00:00\",\"dateModified\":\"2022-11-02T12:19:39+00:00\",\"author\":{\"@id\":\"https:\/\/laescuelaloprimero.cotec.es\/lelp1\/#\/schema\/person\/57562cd1ab0214c7f86985381147abcc\"},\"breadcrumb\":{\"@id\":\"https:\/\/laescuelaloprimero.cotec.es\/lelp1\/como-ayudar-a-los-mayores-en-tiempos-de-crisis\/#breadcrumb\"},\"inLanguage\":\"es\",\"potentialAction\":[{\"@type\":\"ReadAction\",\"target\":[\"https:\/\/laescuelaloprimero.cotec.es\/lelp1\/como-ayudar-a-los-mayores-en-tiempos-de-crisis\/\"]}]},{\"@type\":\"BreadcrumbList\",\"@id\":\"https:\/\/laescuelaloprimero.cotec.es\/lelp1\/como-ayudar-a-los-mayores-en-tiempos-de-crisis\/#breadcrumb\",\"itemListElement\":[{\"@type\":\"ListItem\",\"position\":1,\"name\":\"Portada\",\"item\":\"https:\/\/laescuelaloprimero.cotec.es\/lelp1\/\"},{\"@type\":\"ListItem\",\"position\":2,\"name\":\"\u00bfC\u00d3MO AYUDAR A LOS MAYORES EN TIEMPOS DE CRISIS?\"}]},{\"@type\":\"WebSite\",\"@id\":\"https:\/\/laescuelaloprimero.cotec.es\/lelp1\/#website\",\"url\":\"https:\/\/laescuelaloprimero.cotec.es\/lelp1\/\",\"name\":\"Cotec\",\"description\":\"\",\"potentialAction\":[{\"@type\":\"SearchAction\",\"target\":{\"@type\":\"EntryPoint\",\"urlTemplate\":\"https:\/\/laescuelaloprimero.cotec.es\/lelp1\/?s={search_term_string}\"},\"query-input\":\"required name=search_term_string\"}],\"inLanguage\":\"es\"},{\"@type\":\"Person\",\"@id\":\"https:\/\/laescuelaloprimero.cotec.es\/lelp1\/#\/schema\/person\/57562cd1ab0214c7f86985381147abcc\",\"name\":\"Chombi\",\"image\":{\"@type\":\"ImageObject\",\"inLanguage\":\"es\",\"@id\":\"https:\/\/laescuelaloprimero.cotec.es\/lelp1\/#\/schema\/person\/image\/\",\"url\":\"https:\/\/secure.gravatar.com\/avatar\/0d6418ef511ab2cb8f5e8b3320ec08eb?s=96&d=mm&r=g\",\"contentUrl\":\"https:\/\/secure.gravatar.com\/avatar\/0d6418ef511ab2cb8f5e8b3320ec08eb?s=96&d=mm&r=g\",\"caption\":\"Chombi\"},\"url\":\"https:\/\/laescuelaloprimero.cotec.es\/lelp1\/author\/chombi\/\"}]}<\/script>\n<!-- \/ Yoast SEO plugin. -->","yoast_head_json":{"title":"\u00bfC\u00d3MO AYUDAR A LOS MAYORES EN TIEMPOS DE CRISIS? - Cotec","robots":{"index":"index","follow":"follow","max-snippet":"max-snippet:-1","max-image-preview":"max-image-preview:large","max-video-preview":"max-video-preview:-1"},"canonical":"https:\/\/laescuelaloprimero.cotec.es\/lelp1\/como-ayudar-a-los-mayores-en-tiempos-de-crisis\/","og_locale":"es_ES","og_type":"article","og_title":"\u00bfC\u00d3MO AYUDAR A LOS MAYORES EN TIEMPOS DE CRISIS? - Cotec","og_description":"En este documento se presenta un dec\u00e1logo que permitir\u00e1 crear proyectos en tu centro educativo para ayudar a los mayores en tiempo de crisis.","og_url":"https:\/\/laescuelaloprimero.cotec.es\/lelp1\/como-ayudar-a-los-mayores-en-tiempos-de-crisis\/","og_site_name":"Cotec","article_published_time":"2020-12-15T11:24:36+00:00","article_modified_time":"2022-11-02T12:19:39+00:00","og_image":[{"width":260,"height":257,"url":"https:\/\/laescuelaloprimero.cotec.es\/lelp1\/wp-content\/uploads\/2020\/12\/iconos_1.png","type":"image\/png"}],"author":"Chombi","twitter_card":"summary_large_image","twitter_misc":{"Escrito por":"Chombi","Tiempo de lectura":"2 minutos"},"schema":{"@context":"https:\/\/schema.org","@graph":[{"@type":"WebPage","@id":"https:\/\/laescuelaloprimero.cotec.es\/lelp1\/como-ayudar-a-los-mayores-en-tiempos-de-crisis\/","url":"https:\/\/laescuelaloprimero.cotec.es\/lelp1\/como-ayudar-a-los-mayores-en-tiempos-de-crisis\/","name":"\u00bfC\u00d3MO AYUDAR A LOS MAYORES EN TIEMPOS DE CRISIS? - Cotec","isPartOf":{"@id":"https:\/\/laescuelaloprimero.cotec.es\/lelp1\/#website"},"datePublished":"2020-12-15T11:24:36+00:00","dateModified":"2022-11-02T12:19:39+00:00","author":{"@id":"https:\/\/laescuelaloprimero.cotec.es\/lelp1\/#\/schema\/person\/57562cd1ab0214c7f86985381147abcc"},"breadcrumb":{"@id":"https:\/\/laescuelaloprimero.cotec.es\/lelp1\/como-ayudar-a-los-mayores-en-tiempos-de-crisis\/#breadcrumb"},"inLanguage":"es","potentialAction":[{"@type":"ReadAction","target":["https:\/\/laescuelaloprimero.cotec.es\/lelp1\/como-ayudar-a-los-mayores-en-tiempos-de-crisis\/"]}]},{"@type":"BreadcrumbList","@id":"https:\/\/laescuelaloprimero.cotec.es\/lelp1\/como-ayudar-a-los-mayores-en-tiempos-de-crisis\/#breadcrumb","itemListElement":[{"@type":"ListItem","position":1,"name":"Portada","item":"https:\/\/laescuelaloprimero.cotec.es\/lelp1\/"},{"@type":"ListItem","position":2,"name":"\u00bfC\u00d3MO AYUDAR A LOS MAYORES EN TIEMPOS DE CRISIS?"}]},{"@type":"WebSite","@id":"https:\/\/laescuelaloprimero.cotec.es\/lelp1\/#website","url":"https:\/\/laescuelaloprimero.cotec.es\/lelp1\/","name":"Cotec","description":"","potentialAction":[{"@type":"SearchAction","target":{"@type":"EntryPoint","urlTemplate":"https:\/\/laescuelaloprimero.cotec.es\/lelp1\/?s={search_term_string}"},"query-input":"required name=search_term_string"}],"inLanguage":"es"},{"@type":"Person","@id":"https:\/\/laescuelaloprimero.cotec.es\/lelp1\/#\/schema\/person\/57562cd1ab0214c7f86985381147abcc","name":"Chombi","image":{"@type":"ImageObject","inLanguage":"es","@id":"https:\/\/laescuelaloprimero.cotec.es\/lelp1\/#\/schema\/person\/image\/","url":"https:\/\/secure.gravatar.com\/avatar\/0d6418ef511ab2cb8f5e8b3320ec08eb?s=96&d=mm&r=g","contentUrl":"https:\/\/secure.gravatar.com\/avatar\/0d6418ef511ab2cb8f5e8b3320ec08eb?s=96&d=mm&r=g","caption":"Chombi"},"url":"https:\/\/laescuelaloprimero.cotec.es\/lelp1\/author\/chombi\/"}]}},"_links":{"self":[{"href":"https:\/\/laescuelaloprimero.cotec.es\/lelp1\/wp-json\/wp\/v2\/posts\/883"}],"collection":[{"href":"https:\/\/laescuelaloprimero.cotec.es\/lelp1\/wp-json\/wp\/v2\/posts"}],"about":[{"href":"https:\/\/laescuelaloprimero.cotec.es\/lelp1\/wp-json\/wp\/v2\/types\/post"}],"author":[{"embeddable":true,"href":"https:\/\/laescuelaloprimero.cotec.es\/lelp1\/wp-json\/wp\/v2\/users\/1"}],"replies":[{"embeddable":true,"href":"https:\/\/laescuelaloprimero.cotec.es\/lelp1\/wp-json\/wp\/v2\/comments?post=883"}],"version-history":[{"count":13,"href":"https:\/\/laescuelaloprimero.cotec.es\/lelp1\/wp-json\/wp\/v2\/posts\/883\/revisions"}],"predecessor-version":[{"id":1494,"href":"https:\/\/laescuelaloprimero.cotec.es\/lelp1\/wp-json\/wp\/v2\/posts\/883\/revisions\/1494"}],"wp:featuredmedia":[{"embeddable":true,"href":"https:\/\/laescuelaloprimero.cotec.es\/lelp1\/wp-json\/wp\/v2\/media\/884"}],"wp:attachment":[{"href":"https:\/\/laescuelaloprimero.cotec.es\/lelp1\/wp-json\/wp\/v2\/media?parent=883"}],"wp:term":[{"taxonomy":"category","embeddable":true,"href":"https:\/\/laescuelaloprimero.cotec.es\/lelp1\/wp-json\/wp\/v2\/categories?post=883"},{"taxonomy":"post_tag","embeddable":true,"href":"https:\/\/laescuelaloprimero.cotec.es\/lelp1\/wp-json\/wp\/v2\/tags?post=883"}],"curies":[{"name":"wp","href":"https:\/\/api.w.org\/{rel}","templated":true}]}}